{"id":686,"date":"2021-04-07T14:55:30","date_gmt":"2021-04-07T12:55:30","guid":{"rendered":"https:\/\/smev.ag\/?p=686"},"modified":"2021-04-07T15:09:50","modified_gmt":"2021-04-07T13:09:50","slug":"die-smev-ag-wird-erster-partner-des-5g-multifunktions-campus-der-deutschen-messe","status":"publish","type":"post","link":"https:\/\/smev.ag\/en\/2021\/04\/07\/die-smev-ag-wird-erster-partner-des-5g-multifunktions-campus-der-deutschen-messe\/","title":{"rendered":"SMEV AG becomes the first partner of the 5G multifunctional campus of Deutsche Messe"},"content":{"rendered":"<p><strong>Auf dem gr\u00f6\u00dften Messegel\u00e4nde der Welt entsteht in Hannover der perfekte Ort, um innovative Mobilit\u00e4tskonzepte der Zukunft bereits heute unter Echtbedingungen zu testen. Das\u00a0ist\u00a0f\u00fcr den Standort Deutschland mit automobiler Historie ein ma\u00dfgeblicher\u00a0Beitrag f\u00fcr die Entwicklung und Zukunftstechnologie smarter Mobilit\u00e4t.<\/strong><br><br>Die Vergangenheit hat gezeigt, dass Verkehrsmodelle der Zukunft Mut brauchen, denn sie bringen einen Eingriff in die Mobilit\u00e4t mit sich, der alle betrifft. Niedersachsen\u00a0und die Deutsche Messe AG zeigen\u00a0mit der Erweiterung der Teststrecke um 1,5 Millionen Quadratmeter Messegel\u00e4nde den Willen, diesen Weg zu gehen.\u00a0F\u00fcr die SMEV AG bedeutet die Partnerschaft mit der Deutschen Messe in der gesamtunternehmerischen Entwicklung einen Meilenstein: SMEV 2.0 &#8211; das innerst\u00e4dtische Verkehrsbild mit sich zuk\u00fcnftig autonom bewegenden Fahrzeugen.<br><\/p>\n\n\n\n<figure class=\"wp-block-image size-full\"><img loading=\"lazy\" width=\"1200\" height=\"564\" src=\"https:\/\/smev.ag\/wp-content\/uploads\/2021\/04\/smevag_pressekonferenz_deutschemesse-e1617799824543.jpg\" alt=\"Pressekonferenz SMEV AG 5G Multifunktions-Campus\" class=\"wp-image-689\" srcset=\"https:\/\/smev.ag\/wp-content\/uploads\/2021\/04\/smevag_pressekonferenz_deutschemesse-e1617799824543.jpg 1200w, https:\/\/smev.ag\/wp-content\/uploads\/2021\/04\/smevag_pressekonferenz_deutschemesse-e1617799824543-300x141.jpg 300w, https:\/\/smev.ag\/wp-content\/uploads\/2021\/04\/smevag_pressekonferenz_deutschemesse-e1617799824543-1024x481.jpg 1024w, https:\/\/smev.ag\/wp-content\/uploads\/2021\/04\/smevag_pressekonferenz_deutschemesse-e1617799824543-768x361.jpg 768w, https:\/\/smev.ag\/wp-content\/uploads\/2021\/04\/smevag_pressekonferenz_deutschemesse-e1617799824543-16x8.jpg 16w\" sizes=\"(max-width: 1200px) 100vw, 1200px\" \/><figcaption>Left to right: Stefan Muhle (State Secretary of Lower Saxony for Digitalization), Christian Rotthaus (CEO of SMEV AG), Dr. Jochen K\u00f6ckler (CEO of Deutschen Messe AG)<\/figcaption><\/figure>\n\n\n\n<p>As a member of the Smart Transportation Alliance in Brussels, SMEV AG looked around Europe early on for suitable partners and locations in order to further develop test scenarios under real conditions and to be able to achieve series production.<br><br>With the 5G Smart Venue, SMEV AG has now found a place to further develop its own technologies and to test them in the 1.5 million square meter real laboratory and prepare them for real use. The goal? Using the most modern (research) possibilities to develop an even more efficient and safer mobility concept of the future.<br><br>That an autonomous vehicle knows exactly what it has to do when an emergency vehicle with right of way approaches, needs to be ensured. The safest signal that an autonomous vehicle empowers to make its contribution to clearing the operational corridor, is a digital one. And that is also part of the patent portfolio of SMEV AG.<br><br>The operating principle of SMEV\u2019s technology is to better organize the inner-city traffic image with its complex and sometimes adverse traffic situations. This technology is already clearing the way for police, fire brigade and rescue vehicles using digitized processes. The pilot phase in Frankfurt Oder will go into real operation in 2021: shortening the operating times, reducing accidents to zero and increasing cost efficiency by 50%.<br><br>\u201cWe are more than happy that our path led us to Hanover. We have come here not only to use the opportunities that arise, but also to make our contribution and help shape the traffic scenario of tomorrow already today\u201d, Christian Rotthaus, CEO of SMEV AG<br><br>Innovation in mobility needs courage and lots of individual ideas that can be condensed and developed together. It cannot be done alone, there are many factors that have to harmonize with one another. Deutsche Messe has created a place where this is possible.<br><br>Making your technologies tangible and thus promoting social compatibility is an important goal of SMEV AG. To be able to experience future traffic situations virtually and to be considered and involved in the innovation process is not only of elementary importance for start-ups or global players, but also for politics and ultimately every citizen. Smart mobility effects everyone.<\/p>\n\n\n\n<p><a href=\"https:\/\/smev.ag\/wp-content\/uploads\/2021\/04\/bildmaterial-smevag-deutschemesse.zip\" target=\"_blank\" rel=\"noreferrer noopener\">Download Images<\/a> (2 Artikel-Bilder, 17 MB)<\/p>","protected":false},"excerpt":{"rendered":"<p>Testing and further developing of smart mobility under real conditions is now possible in Hanover<\/p>","protected":false},"author":1,"featured_media":688,"comment_status":"open","ping_status":"open","sticky":false,"template":"","format":"standard","meta":[],"categories":[1],"tags":[],"yoast_head":"<!-- This site is optimized with the Yoast SEO plugin v15.4 - https:\/\/yoast.com\/wordpress\/plugins\/seo\/ -->\n<title>Die SMEV AG wird erster Partner des 5G-Multifunktions-Campus der Deutschen Messe - SMEV AG<\/title>\n<meta name=\"robots\" content=\"index, follow, max-snippet:-1, max-image-preview:large, max-video-preview:-1\" \/>\n<link rel=\"canonical\" href=\"https:\/\/smev.ag\/en\/2021\/04\/07\/die-smev-ag-wird-erster-partner-des-5g-multifunktions-campus-der-deutschen-messe\/\" \/>\n<meta property=\"og:locale\" content=\"en_GB\" \/>\n<meta property=\"og:type\" content=\"article\" \/>\n<meta property=\"og:title\" content=\"Die SMEV AG wird erster Partner des 5G-Multifunktions-Campus der Deutschen Messe - SMEV AG\" \/>\n<meta property=\"og:description\" content=\"Smart Mobility unter Echtbedingungen zu testen und weiterzuentwickeln ist jetzt in Hannover m\u00f6glich\" \/>\n<meta property=\"og:url\" content=\"https:\/\/smev.ag\/en\/2021\/04\/07\/die-smev-ag-wird-erster-partner-des-5g-multifunktions-campus-der-deutschen-messe\/\" \/>\n<meta property=\"og:site_name\" content=\"SMEV AG\" \/>\n<meta property=\"article:published_time\" content=\"2021-04-07T12:55:30+00:00\" \/>\n<meta property=\"article:modified_time\" content=\"2021-04-07T13:09:50+00:00\" \/>\n<meta property=\"og:image\" content=\"https:\/\/smev.ag\/wp-content\/uploads\/2021\/04\/smevag_pressekonferenz_buehne.jpg\" \/>\n\t<meta property=\"og:image:width\" content=\"1200\" \/>\n\t<meta property=\"og:image:height\" content=\"800\" \/>\n<meta name=\"twitter:card\" content=\"summary_large_image\" \/>\n<meta name=\"twitter:label1\" content=\"Written by\">\n\t<meta name=\"twitter:data1\" content=\"SMEV AG\">\n\t<meta name=\"twitter:label2\" content=\"Estimated reading time\">\n\t<meta name=\"twitter:data2\" content=\"2 minutes\">\n<script type=\"application\/ld+json\" class=\"yoast-schema-graph\">{\"@context\":\"https:\/\/schema.org\",\"@graph\":[{\"@type\":\"WebSite\",\"@id\":\"https:\/\/smev.ag\/#website\",\"url\":\"https:\/\/smev.ag\/\",\"name\":\"SMEV AG\",\"description\":\"Smart Mobility Evolution\",\"potentialAction\":[{\"@type\":\"SearchAction\",\"target\":\"https:\/\/smev.ag\/?s={search_term_string}\",\"query-input\":\"required name=search_term_string\"}],\"inLanguage\":\"en-GB\"},{\"@type\":\"ImageObject\",\"@id\":\"https:\/\/smev.ag\/2021\/04\/07\/die-smev-ag-wird-erster-partner-des-5g-multifunktions-campus-der-deutschen-messe\/#primaryimage\",\"inLanguage\":\"en-GB\",\"url\":\"https:\/\/smev.ag\/wp-content\/uploads\/2021\/04\/smevag_pressekonferenz_buehne.jpg\",\"width\":1200,\"height\":800},{\"@type\":\"WebPage\",\"@id\":\"https:\/\/smev.ag\/2021\/04\/07\/die-smev-ag-wird-erster-partner-des-5g-multifunktions-campus-der-deutschen-messe\/#webpage\",\"url\":\"https:\/\/smev.ag\/2021\/04\/07\/die-smev-ag-wird-erster-partner-des-5g-multifunktions-campus-der-deutschen-messe\/\",\"name\":\"Die SMEV AG wird erster Partner des 5G-Multifunktions-Campus der Deutschen Messe - SMEV AG\",\"isPartOf\":{\"@id\":\"https:\/\/smev.ag\/#website\"},\"primaryImageOfPage\":{\"@id\":\"https:\/\/smev.ag\/2021\/04\/07\/die-smev-ag-wird-erster-partner-des-5g-multifunktions-campus-der-deutschen-messe\/#primaryimage\"},\"datePublished\":\"2021-04-07T12:55:30+00:00\",\"dateModified\":\"2021-04-07T13:09:50+00:00\",\"author\":{\"@id\":\"https:\/\/smev.ag\/#\/schema\/person\/912ac6de7619afe388c282dc1d41d646\"},\"inLanguage\":\"en-GB\",\"potentialAction\":[{\"@type\":\"ReadAction\",\"target\":[\"https:\/\/smev.ag\/2021\/04\/07\/die-smev-ag-wird-erster-partner-des-5g-multifunktions-campus-der-deutschen-messe\/\"]}]},{\"@type\":\"Person\",\"@id\":\"https:\/\/smev.ag\/#\/schema\/person\/912ac6de7619afe388c282dc1d41d646\",\"name\":\"SMEV AG\",\"image\":{\"@type\":\"ImageObject\",\"@id\":\"https:\/\/smev.ag\/#personlogo\",\"inLanguage\":\"en-GB\",\"url\":\"https:\/\/secure.gravatar.com\/avatar\/ebc8dfd4504caf8255ee8b77120b4444?s=96&d=mm&r=g\",\"caption\":\"SMEV AG\"},\"sameAs\":[\"https:\/\/smev.ag\"]}]}<\/script>\n<!-- \/ Yoast SEO plugin. -->","_links":{"self":[{"href":"https:\/\/smev.ag\/en\/wp-json\/wp\/v2\/posts\/686"}],"collection":[{"href":"https:\/\/smev.ag\/en\/wp-json\/wp\/v2\/posts"}],"about":[{"href":"https:\/\/smev.ag\/en\/wp-json\/wp\/v2\/types\/post"}],"author":[{"embeddable":true,"href":"https:\/\/smev.ag\/en\/wp-json\/wp\/v2\/users\/1"}],"replies":[{"embeddable":true,"href":"https:\/\/smev.ag\/en\/wp-json\/wp\/v2\/comments?post=686"}],"version-history":[{"count":12,"href":"https:\/\/smev.ag\/en\/wp-json\/wp\/v2\/posts\/686\/revisions"}],"predecessor-version":[{"id":702,"href":"https:\/\/smev.ag\/en\/wp-json\/wp\/v2\/posts\/686\/revisions\/702"}],"wp:featuredmedia":[{"embeddable":true,"href":"https:\/\/smev.ag\/en\/wp-json\/wp\/v2\/media\/688"}],"wp:attachment":[{"href":"https:\/\/smev.ag\/en\/wp-json\/wp\/v2\/media?parent=686"}],"wp:term":[{"taxonomy":"category","embeddable":true,"href":"https:\/\/smev.ag\/en\/wp-json\/wp\/v2\/categories?post=686"},{"taxonomy":"post_tag","embeddable":true,"href":"https:\/\/smev.ag\/en\/wp-json\/wp\/v2\/tags?post=686"}],"curies":[{"name":"wp","href":"https:\/\/api.w.org\/{rel}","templated":true}]}}